{"id":61,"date":"2023-12-04T22:16:46","date_gmt":"2023-12-04T21:16:46","guid":{"rendered":"https:\/\/periodicolamicro.cl\/?p=61"},"modified":"2023-12-04T22:16:46","modified_gmt":"2023-12-04T21:16:46","slug":"revista-de-prensa-que-se-mueran-los-rotos","status":"publish","type":"post","link":"https:\/\/periodicolamicro.cl\/?p=61","title":{"rendered":"[REVISTA DE PRENSA] Que se mueran los rotos"},"content":{"rendered":"\n<p>Publicado el 13 de junio de 2021, por Chofer<\/p>\n\n\n\n<p>\u201cPartidos de Chile Vamos y Republicanos cuestionan anuncio de cuarentena total para la RM: UDI amenaza con rechazar extensi\u00f3n del estado de excepci\u00f3n\u201d<\/p>\n\n\n\n<p><strong>La Tercera<\/strong>, 10 de junio de 2021<\/p>\n\n\n\n<p><em>La participaci\u00f3n de los menos favorecidos podr\u00eda ser el factor decisivo en la nueva Constituci\u00f3n. Aunque la noticia rese\u00f1ada no trata del proceso constitucional en curso, vale la pena examinarla porque muestra muy bien cu\u00e1l es la concepci\u00f3n que tiene de los m\u00e1s pobres algunos protagonistas de la pol\u00edtica nacional<\/em>.<\/p>\n\n\n\n<p>Precisamente en el pico m\u00e1s alto de la pandemia los partidos de la derecha \u201cdura\u201d salen a cuestionar una de las medidas principales para controlarla: los confinamientos. Mientras Evelyn Matthei y los presidentes de RN y Ev\u00f3polis se muestran cautelosos, los presidentes de la UDI y el Partido Republicano las critican abiertamente.<\/p>\n\n\n\n<p>\u00bfCu\u00e1les son las razones?<\/p>\n\n\n\n<p>Seg\u00fan Macaya (UDI) las cuarentenas no sirven: \u201cno est\u00e1n generando los efectos buscados, es decir, contener o disminuir el n\u00famero de contagios\u201d. \u00bfPor qu\u00e9? Porque \u201cno se cumplen en numerosos lugares de Chile\u201d. \u00bfQu\u00e9 se podr\u00eda hacer entonces? \u00bfBuscar mecanismos para que s\u00ed se cumplan y sean m\u00e1s eficaces? No: renunciar a ellas y establecer \u201cnuevas medidas\u201d\u2026 de las que no da ninguna pista. Si el gobierno persiste en las cuarentenas, la UDI evaluar\u00e1 incluso \u201crechazar la extensi\u00f3n del Estado de Excepci\u00f3n Constitucional\u201d, que permite decretarlas.<\/p>\n\n\n\n<p>Podr\u00eda surgir la pregunta: ya que no proponen alternativas m\u00e1s eficaces, \u00bfpor qu\u00e9 no continuar usando los confinamientos, que de todas maneras reducen el \u00edndice de contagios? La respuesta de la UDI es clara: porque han \u201cimpedido que miles de emprendedores puedan salir adelante\u201d. Si esto es cierto, significa que los emprendedores no son los que se mueren con la pandemia: no se puede decir que un emprendedor muerto \u201csalga adelante\u201d. Los 30 mil muertos, las decenas de miles de hospitalizados que colapsan hoy el servicio de salud no son \u201cemprendedores\u201d. Y es l\u00f3gico. Es m\u00e1s dif\u00edcil que un emprendedor se contagie ya que no usa el metro o la micro. Si se llega a contagiar tiene mejores condiciones personales para aislarse y cuidarse. Y si necesita hospitalizarse, lo har\u00e1 seguramente en el mejor sistema (particular) de salud.<\/p>\n\n\n\n<p>Traduciendo lo que dice Macaya, es mejor eliminar las cuarentenas porque no permiten que los negocios funcionen normalmente y en todo caso si los contagios y muertes se salen de control afectar\u00e1n a los pobres, que no son tan importantes.<\/p>\n\n\n\n<p>Por su parte el presidente del Partido Republicano, Juan Antonio Kast, se muestra preocupado (si es que no abiertamente escandalizado) por estas \u201climitaciones a la libertad\u201d que constituyen las cuarentenas. Las cuarentenas son una dictadura. \u00bfQu\u00e9 se podr\u00eda hacer para restablecer la libertad sin atentar contra la salud p\u00fablica? No lo indica. Pero en todo caso \u201clleg\u00f3 la hora de terminar con esta verdadera dictadura sanitaria\u201d. \u00bfPor qu\u00e9 hacerlo, a pesar de la cr\u00edtica situaci\u00f3n sanitaria? Porque \u201cest\u00e1 ahogando el emprendimiento, liquidando negocios, impidiendo los aprendizajes y estancando el pa\u00eds\u201d. Obviamente los muertos no pueden aprender, porque est\u00e1n muertos, y tampoco ser\u00e1n afectados por los negocios liquidados o el estancamiento del pa\u00eds: Kast no est\u00e1 hablando de los que se mueren, ni de sus familiares y cercanos. Est\u00e1 hablando de proteger la libertad de los \u201cemprendedores\u201d, de los due\u00f1os de los negocios, que no tienen tanto riesgo de morir.<\/p>\n\n\n\n<p>No puede menos que pensarse que si hubiera una aut\u00e9ntica preocupaci\u00f3n por la libertad, el futuro del pa\u00eds y el funcionamiento de la econom\u00eda, estos partidos y sus l\u00edderes estar\u00edan muy concentrados en encontrar las mejores f\u00f3rmulas para contener la pandemia. Pero eso no importa tanto, porque los que se mueren son los rotos.<\/p>\n","protected":false},"excerpt":{"rendered":"<p>Publicado el 13 de junio de 2021, por Chofer \u201cPartidos de Chile Vamos y Republicanos cuestionan anuncio de cuarentena total para la RM: UDI amenaza con rechazar extensi\u00f3n del estado de excepci\u00f3n\u201d La Tercera, 10 de junio de 2021 La participaci\u00f3n de los menos favorecidos podr\u00eda ser el factor decisivo en la nueva Constituci\u00f3n. Aunque&hellip; <a href=\"https:\/\/periodicolamicro.cl\/?p=61\" class=\"more-link\">Continue reading <span class=\"screen-reader-text\">[REVISTA DE PRENSA] Que se mueran los rotos<\/span><\/a><\/p>\n","protected":false},"author":1,"featured_media":0,"comment_status":"open","ping_status":"open","sticky":false,"template":"","format":"standard","meta":{"_jetpack_memberships_contains_paid_content":false,"footnotes":""},"categories":[3],"tags":[],"class_list":["post-61","post","type-post","status-publish","format-standard","hentry","category-archivo"],"jetpack_featured_media_url":"","jetpack_sharing_enabled":true,"_links":{"self":[{"href":"https:\/\/periodicolamicro.cl\/index.php?rest_route=\/wp\/v2\/posts\/61","targetHints":{"allow":["GET"]}}],"collection":[{"href":"https:\/\/periodicolamicro.cl\/index.php?rest_route=\/wp\/v2\/posts"}],"about":[{"href":"https:\/\/periodicolamicro.cl\/index.php?rest_route=\/wp\/v2\/types\/post"}],"author":[{"embeddable":true,"href":"https:\/\/periodicolamicro.cl\/index.php?rest_route=\/wp\/v2\/users\/1"}],"replies":[{"embeddable":true,"href":"https:\/\/periodicolamicro.cl\/index.php?rest_route=%2Fwp%2Fv2%2Fcomments&post=61"}],"version-history":[{"count":1,"href":"https:\/\/periodicolamicro.cl\/index.php?rest_route=\/wp\/v2\/posts\/61\/revisions"}],"predecessor-version":[{"id":62,"href":"https:\/\/periodicolamicro.cl\/index.php?rest_route=\/wp\/v2\/posts\/61\/revisions\/62"}],"wp:attachment":[{"href":"https:\/\/periodicolamicro.cl\/index.php?rest_route=%2Fwp%2Fv2%2Fmedia&parent=61"}],"wp:term":[{"taxonomy":"category","embeddable":true,"href":"https:\/\/periodicolamicro.cl\/index.php?rest_route=%2Fwp%2Fv2%2Fcategories&post=61"},{"taxonomy":"post_tag","embeddable":true,"href":"https:\/\/periodicolamicro.cl\/index.php?rest_route=%2Fwp%2Fv2%2Ftags&post=61"}],"curies":[{"name":"wp","href":"https:\/\/api.w.org\/{rel}","templated":true}]}}