{"id":21,"date":"2023-11-30T23:10:29","date_gmt":"2023-11-30T22:10:29","guid":{"rendered":"https:\/\/periodicolamicro.cl\/?p=21"},"modified":"2023-11-30T23:10:29","modified_gmt":"2023-11-30T22:10:29","slug":"revista-de-prensa-el-pc-en-su-momento-estelar","status":"publish","type":"post","link":"https:\/\/periodicolamicro.cl\/?p=21","title":{"rendered":"(Revista de prensa) El PC en su momento estelar"},"content":{"rendered":"\n<p>Publicado el 18 de diciembre, por Chofer<\/p>\n\n\n\n<p>El Mercurio, domingo 13 de diciembre de 2020. D4<\/p>\n\n\n\n<p>Entre las muchas propuestas que el Comit\u00e9 Central le hace al XXVI Congreso, est\u00e1 \u201crodear con la movilizaci\u00f3n de masas el desarrollo de la Convenci\u00f3n Constitucional, impidiendo que las cocinas y el tecnicismo legal oscurezcan el sentido final de dicho organismo\u201d.<br>Seg\u00fan el analista Max Colodro, \u201cla principal apuesta del PC para el pr\u00f3ximo a\u00f1o es que la movilizaci\u00f3n ascendente fracture el proceso constituyente generado por el acuerdo del 15 de noviembre. Que a partir de abril no haya avances en el proceso institucional y la frustraci\u00f3n tenga una expresi\u00f3n de masas. De ah\u00ed la idea de \u2018rodear\u2019 la asamblea. En la calle, el PC va y sus apuestas son para agitar la movilizaci\u00f3n y el descontento al interior de la asamblea, va a hacer todos los esfuerzos para que sectores de centroizquierda impidan la construcci\u00f3n de acuerdos mayoritarios con la derecha\u201d.<br>Seg\u00fan su lectura, \u201cel PC concluy\u00f3 que a partir del estallido de la crisis social se ha generado una nueva situaci\u00f3n pol\u00edtica, que da viabilidad a cambios estructurales en el modelo econ\u00f3mico y en la Constituci\u00f3n\u201d.<br>A Sergio Mu\u00f1oz Riveros, en tanto, le llama la atenci\u00f3n el lenguaje usado en el \u00faltimo Congreso. \u201cEs como si sus dirigentes se hubieran convencido de que la revoluci\u00f3n est\u00e1 al alcance de la mano, y que solo falta un empujoncito para tomar el poder. Hacen recordar las proclamas de la \u2018rebeli\u00f3n popular\u2019 contra Pinochet, en 1986, pero sucede que hoy vivimos en democracia y que el prop\u00edo PC est\u00e1 pensando en la elecci\u00f3n presidencial. En rigor, los c\u00e1lculos electorales hacen cortocircuito con la disposici\u00f3n de trinchera\u201d.<\/p>\n","protected":false},"excerpt":{"rendered":"<p>Publicado el 18 de diciembre, por Chofer El Mercurio, domingo 13 de diciembre de 2020. D4 Entre las muchas propuestas que el Comit\u00e9 Central le hace al XXVI Congreso, est\u00e1 \u201crodear con la movilizaci\u00f3n de masas el desarrollo de la Convenci\u00f3n Constitucional, impidiendo que las cocinas y el tecnicismo legal oscurezcan el sentido final de&hellip; <a href=\"https:\/\/periodicolamicro.cl\/?p=21\" class=\"more-link\">Continue reading <span class=\"screen-reader-text\">(Revista de prensa) El PC en su momento estelar<\/span><\/a><\/p>\n","protected":false},"author":1,"featured_media":0,"comment_status":"open","ping_status":"open","sticky":false,"template":"","format":"standard","meta":{"_jetpack_memberships_contains_paid_content":false,"footnotes":""},"categories":[3],"tags":[],"class_list":["post-21","post","type-post","status-publish","format-standard","hentry","category-archivo"],"jetpack_featured_media_url":"","jetpack_sharing_enabled":true,"_links":{"self":[{"href":"https:\/\/periodicolamicro.cl\/index.php?rest_route=\/wp\/v2\/posts\/21","targetHints":{"allow":["GET"]}}],"collection":[{"href":"https:\/\/periodicolamicro.cl\/index.php?rest_route=\/wp\/v2\/posts"}],"about":[{"href":"https:\/\/periodicolamicro.cl\/index.php?rest_route=\/wp\/v2\/types\/post"}],"author":[{"embeddable":true,"href":"https:\/\/periodicolamicro.cl\/index.php?rest_route=\/wp\/v2\/users\/1"}],"replies":[{"embeddable":true,"href":"https:\/\/periodicolamicro.cl\/index.php?rest_route=%2Fwp%2Fv2%2Fcomments&post=21"}],"version-history":[{"count":1,"href":"https:\/\/periodicolamicro.cl\/index.php?rest_route=\/wp\/v2\/posts\/21\/revisions"}],"predecessor-version":[{"id":22,"href":"https:\/\/periodicolamicro.cl\/index.php?rest_route=\/wp\/v2\/posts\/21\/revisions\/22"}],"wp:attachment":[{"href":"https:\/\/periodicolamicro.cl\/index.php?rest_route=%2Fwp%2Fv2%2Fmedia&parent=21"}],"wp:term":[{"taxonomy":"category","embeddable":true,"href":"https:\/\/periodicolamicro.cl\/index.php?rest_route=%2Fwp%2Fv2%2Fcategories&post=21"},{"taxonomy":"post_tag","embeddable":true,"href":"https:\/\/periodicolamicro.cl\/index.php?rest_route=%2Fwp%2Fv2%2Ftags&post=21"}],"curies":[{"name":"wp","href":"https:\/\/api.w.org\/{rel}","templated":true}]}}